{"id":1632,"date":"2026-04-27T14:44:26","date_gmt":"2026-04-27T18:44:26","guid":{"rendered":"https:\/\/rsn.quebec\/?p=1632"},"modified":"2026-04-27T15:10:30","modified_gmt":"2026-04-27T19:10:30","slug":"relive-the-atmosphere-of-the-scientific-days-through-these-photos","status":"publish","type":"post","link":"https:\/\/rsn.quebec\/en\/relive-the-atmosphere-of-the-scientific-days-through-these-photos\/","title":{"rendered":"Relive the atmosphere of the Scientific Days through these photos"},"content":{"rendered":"\t\t<div data-elementor-type=\"wp-post\" data-elementor-id=\"1632\" class=\"elementor elementor-1632 elementor-1621\" data-elementor-settings=\"{&quot;element_pack_global_tooltip_width&quot;:{&quot;unit&quot;:&quot;px&quot;,&quot;size&quot;:&quot;&quot;,&quot;sizes&quot;:[]},&quot;element_pack_global_tooltip_width_tablet&quot;:{&quot;unit&quot;:&quot;px&quot;,&quot;size&quot;:&quot;&quot;,&quot;sizes&quot;:[]},&quot;element_pack_global_tooltip_width_mobile&quot;:{&quot;unit&quot;:&quot;px&quot;,&quot;size&quot;:&quot;&quot;,&quot;sizes&quot;:[]},&quot;element_pack_global_tooltip_padding&quot;:{&quot;unit&quot;:&quot;px&quot;,&quot;top&quot;:&quot;&quot;,&quot;right&quot;:&quot;&quot;,&quot;bottom&quot;:&quot;&quot;,&quot;left&quot;:&quot;&quot;,&quot;isLinked&quot;:true},&quot;element_pack_global_tooltip_padding_tablet&quot;:{&quot;unit&quot;:&quot;px&quot;,&quot;top&quot;:&quot;&quot;,&quot;right&quot;:&quot;&quot;,&quot;bottom&quot;:&quot;&quot;,&quot;left&quot;:&quot;&quot;,&quot;isLinked&quot;:true},&quot;element_pack_global_tooltip_padding_mobile&quot;:{&quot;unit&quot;:&quot;px&quot;,&quot;top&quot;:&quot;&quot;,&quot;right&quot;:&quot;&quot;,&quot;bottom&quot;:&quot;&quot;,&quot;left&quot;:&quot;&quot;,&quot;isLinked&quot;:true},&quot;element_pack_global_tooltip_border_radius&quot;:{&quot;unit&quot;:&quot;px&quot;,&quot;top&quot;:&quot;&quot;,&quot;right&quot;:&quot;&quot;,&quot;bottom&quot;:&quot;&quot;,&quot;left&quot;:&quot;&quot;,&quot;isLinked&quot;:true},&quot;element_pack_global_tooltip_border_radius_tablet&quot;:{&quot;unit&quot;:&quot;px&quot;,&quot;top&quot;:&quot;&quot;,&quot;right&quot;:&quot;&quot;,&quot;bottom&quot;:&quot;&quot;,&quot;left&quot;:&quot;&quot;,&quot;isLinked&quot;:true},&quot;element_pack_global_tooltip_border_radius_mobile&quot;:{&quot;unit&quot;:&quot;px&quot;,&quot;top&quot;:&quot;&quot;,&quot;right&quot;:&quot;&quot;,&quot;bottom&quot;:&quot;&quot;,&quot;left&quot;:&quot;&quot;,&quot;isLinked&quot;:true}}\">\n\t\t\t\t\t\t<section class=\"elementor-section elementor-top-section elementor-element elementor-element-96d2bbf elementor-section-boxed elementor-section-height-default elementor-section-height-default\" data-id=\"96d2bbf\" data-element_type=\"section\" data-e-type=\"section\">\n\t\t\t\t\t\t<div class=\"elementor-container elementor-column-gap-default\">\n\t\t\t\t\t<div class=\"elementor-column elementor-col-100 elementor-top-column elementor-element elementor-element-84de6db\" data-id=\"84de6db\" data-element_type=\"column\" data-e-type=\"column\">\n\t\t\t<div class=\"elementor-widget-wrap elementor-element-populated\">\n\t\t\t\t\t\t<div class=\"elementor-element elementor-element-44c1ed9 elementor-widget elementor-widget-text-editor\" data-id=\"44c1ed9\" data-element_type=\"widget\" data-e-type=\"widget\" data-widget_type=\"text-editor.default\">\n\t\t\t\t\t\t\t\t\t<p>Les premi\u00e8res Journ\u00e9es scientifiques du R\u00e9seau sant\u00e9 num\u00e9rique (RSN) ont \u00e9t\u00e9 un v\u00e9ritable succ\u00e8s et l\u2019\u00e9lan est toujours bien pr\u00e9sent. Pour prolonger ces deux jours riches en \u00e9changes, nous vous invitons \u00e0 (re)d\u00e9couvrir l\u2019\u00e9v\u00e9nement en images.<\/p><p>\u00ab Ces premi\u00e8res Journ\u00e9es scientifiques du R\u00e9seau sant\u00e9 num\u00e9rique (RSN) ont permis d&#8217;appr\u00e9cier toute la vitalit\u00e9 et l&#8217;\u00e9tendue de la recherche en sant\u00e9 num\u00e9rique au Qu\u00e9bec. Suite \u00e0 ces deux jours riches en \u00e9changes et en g\u00e9n\u00e9ration d&#8217;id\u00e9es, nous sommes encore et toujours plus convaincus que le r\u00e9seau contribuera \u00e0 am\u00e9liorer la sant\u00e9 de la population via la mise en commun des expertises de ses membres, la participation citoyenne et le renforcement de partenariats \u00e0 l&#8217;int\u00e9rieur et \u00e0 l&#8217;ext\u00e9rieur du Qu\u00e9bec.<\/p><p>Nous tenons \u00e0 remercier chaleureusement tous les participants \u00e0 ces Journ\u00e9es scientifiques du RSN. Cet \u00e9v\u00e8nement fut un succ\u00e8s avant tout gr\u00e2ce \u00e0 votre implication et \u00e0 votre engagement. Merci aussi beaucoup \u00e0 tous nos commanditaires et contributeurs. Nous vous disons donc, \u00e0 la prochaine fois! \u00bb<br \/>\u2014 Sara Ahmed, Philippe Despr\u00e9s, Aude Motulsky, Bouchra Nasri, Martin Valli\u00e8res<\/p>\t\t\t\t\t\t\t\t<\/div>\n\t\t\t\t\t<\/div>\n\t\t<\/div>\n\t\t\t\t\t<\/div>\n\t\t<\/section>\n\t\t\t\t<section class=\"elementor-section elementor-top-section elementor-element elementor-element-31be536 elementor-section-boxed elementor-section-height-default elementor-section-height-default\" data-id=\"31be536\" data-element_type=\"section\" data-e-type=\"section\">\n\t\t\t\t\t\t<div class=\"elementor-container elementor-column-gap-default\">\n\t\t\t\t\t<div class=\"elementor-column elementor-col-100 elementor-top-column elementor-element elementor-element-3dab033\" data-id=\"3dab033\" data-element_type=\"column\" data-e-type=\"column\">\n\t\t\t<div class=\"elementor-widget-wrap elementor-element-populated\">\n\t\t\t\t\t\t<div class=\"elementor-element elementor-element-d794f79 elementor-widget elementor-widget-button\" data-id=\"d794f79\" data-element_type=\"widget\" data-e-type=\"widget\" data-widget_type=\"button.default\">\n\t\t\t\t\t\t\t\t\t\t<a class=\"elementor-button elementor-button-link elementor-size-sm\" href=\"https:\/\/rsn.quebec\/journees-rsn-2026-galerie-complete\/\">\n\t\t\t\t\t\t<span class=\"elementor-button-content-wrapper\">\n\t\t\t\t\t\t\t\t\t<span class=\"elementor-button-text\">Cliquez ici pour voir les photos<\/span>\n\t\t\t\t\t<\/span>\n\t\t\t\t\t<\/a>\n\t\t\t\t\t\t\t\t<\/div>\n\t\t\t\t\t<\/div>\n\t\t<\/div>\n\t\t\t\t\t<\/div>\n\t\t<\/section>\n\t\t\t\t<\/div>\n\t\t","protected":false},"excerpt":{"rendered":"<p>The first Digital Health Network (RSN) Scientific Conference was a resounding success, and the momentum is still going strong. To build on [&hellip;]<\/p>\n","protected":false},"author":2,"featured_media":1631,"comment_status":"closed","ping_status":"open","sticky":false,"template":"","format":"standard","meta":{"footnotes":""},"categories":[39],"tags":[],"class_list":["post-1632","post","type-post","status-publish","format-standard","has-post-thumbnail","hentry","category-uncategorized"],"_links":{"self":[{"href":"https:\/\/rsn.quebec\/en\/wp-json\/wp\/v2\/posts\/1632","targetHints":{"allow":["GET"]}}],"collection":[{"href":"https:\/\/rsn.quebec\/en\/wp-json\/wp\/v2\/posts"}],"about":[{"href":"https:\/\/rsn.quebec\/en\/wp-json\/wp\/v2\/types\/post"}],"author":[{"embeddable":true,"href":"https:\/\/rsn.quebec\/en\/wp-json\/wp\/v2\/users\/2"}],"replies":[{"embeddable":true,"href":"https:\/\/rsn.quebec\/en\/wp-json\/wp\/v2\/comments?post=1632"}],"version-history":[{"count":1,"href":"https:\/\/rsn.quebec\/en\/wp-json\/wp\/v2\/posts\/1632\/revisions"}],"predecessor-version":[{"id":1633,"href":"https:\/\/rsn.quebec\/en\/wp-json\/wp\/v2\/posts\/1632\/revisions\/1633"}],"wp:featuredmedia":[{"embeddable":true,"href":"https:\/\/rsn.quebec\/en\/wp-json\/wp\/v2\/media\/1631"}],"wp:attachment":[{"href":"https:\/\/rsn.quebec\/en\/wp-json\/wp\/v2\/media?parent=1632"}],"wp:term":[{"taxonomy":"category","embeddable":true,"href":"https:\/\/rsn.quebec\/en\/wp-json\/wp\/v2\/categories?post=1632"},{"taxonomy":"post_tag","embeddable":true,"href":"https:\/\/rsn.quebec\/en\/wp-json\/wp\/v2\/tags?post=1632"}],"curies":[{"name":"wp","href":"https:\/\/api.w.org\/{rel}","templated":true}]}}