{"id":1634,"date":"2026-03-22T18:31:40","date_gmt":"2026-03-22T22:31:40","guid":{"rendered":"https:\/\/rsn.quebec\/?p=1634"},"modified":"2026-04-28T14:31:51","modified_gmt":"2026-04-28T18:31:51","slug":"recipients-of-knowledge-mobilization-grants","status":"publish","type":"post","link":"https:\/\/rsn.quebec\/en\/recipients-of-knowledge-mobilization-grants\/","title":{"rendered":"Recipients of Knowledge Mobilization Grants"},"content":{"rendered":"\t\t<div data-elementor-type=\"wp-post\" data-elementor-id=\"1634\" class=\"elementor elementor-1634 elementor-774\" data-elementor-settings=\"{&quot;element_pack_global_tooltip_width&quot;:{&quot;unit&quot;:&quot;px&quot;,&quot;size&quot;:&quot;&quot;,&quot;sizes&quot;:[]},&quot;element_pack_global_tooltip_width_tablet&quot;:{&quot;unit&quot;:&quot;px&quot;,&quot;size&quot;:&quot;&quot;,&quot;sizes&quot;:[]},&quot;element_pack_global_tooltip_width_mobile&quot;:{&quot;unit&quot;:&quot;px&quot;,&quot;size&quot;:&quot;&quot;,&quot;sizes&quot;:[]},&quot;element_pack_global_tooltip_padding&quot;:{&quot;unit&quot;:&quot;px&quot;,&quot;top&quot;:&quot;&quot;,&quot;right&quot;:&quot;&quot;,&quot;bottom&quot;:&quot;&quot;,&quot;left&quot;:&quot;&quot;,&quot;isLinked&quot;:true},&quot;element_pack_global_tooltip_padding_tablet&quot;:{&quot;unit&quot;:&quot;px&quot;,&quot;top&quot;:&quot;&quot;,&quot;right&quot;:&quot;&quot;,&quot;bottom&quot;:&quot;&quot;,&quot;left&quot;:&quot;&quot;,&quot;isLinked&quot;:true},&quot;element_pack_global_tooltip_padding_mobile&quot;:{&quot;unit&quot;:&quot;px&quot;,&quot;top&quot;:&quot;&quot;,&quot;right&quot;:&quot;&quot;,&quot;bottom&quot;:&quot;&quot;,&quot;left&quot;:&quot;&quot;,&quot;isLinked&quot;:true},&quot;element_pack_global_tooltip_border_radius&quot;:{&quot;unit&quot;:&quot;px&quot;,&quot;top&quot;:&quot;&quot;,&quot;right&quot;:&quot;&quot;,&quot;bottom&quot;:&quot;&quot;,&quot;left&quot;:&quot;&quot;,&quot;isLinked&quot;:true},&quot;element_pack_global_tooltip_border_radius_tablet&quot;:{&quot;unit&quot;:&quot;px&quot;,&quot;top&quot;:&quot;&quot;,&quot;right&quot;:&quot;&quot;,&quot;bottom&quot;:&quot;&quot;,&quot;left&quot;:&quot;&quot;,&quot;isLinked&quot;:true},&quot;element_pack_global_tooltip_border_radius_mobile&quot;:{&quot;unit&quot;:&quot;px&quot;,&quot;top&quot;:&quot;&quot;,&quot;right&quot;:&quot;&quot;,&quot;bottom&quot;:&quot;&quot;,&quot;left&quot;:&quot;&quot;,&quot;isLinked&quot;:true}}\">\n\t\t\t\t\t\t<section class=\"elementor-section elementor-top-section elementor-element elementor-element-5a4d7cdd elementor-section-boxed elementor-section-height-default elementor-section-height-default\" data-id=\"5a4d7cdd\" data-element_type=\"section\" data-e-type=\"section\">\n\t\t\t\t\t\t<div class=\"elementor-container elementor-column-gap-default\">\n\t\t\t\t\t<div class=\"elementor-column elementor-col-100 elementor-top-column elementor-element elementor-element-6b8fb2fa\" data-id=\"6b8fb2fa\" data-element_type=\"column\" data-e-type=\"column\">\n\t\t\t<div class=\"elementor-widget-wrap elementor-element-populated\">\n\t\t\t\t\t\t<div class=\"elementor-element elementor-element-4d099b8d elementor-widget elementor-widget-text-editor\" data-id=\"4d099b8d\" data-element_type=\"widget\" data-e-type=\"widget\" data-widget_type=\"text-editor.default\">\n\t\t\t\t\t\t\t\t\t<p>Le R\u00e9seau sant\u00e9 num\u00e9rique f\u00e9licite les laur\u00e9ates et laur\u00e9ats du Programme de bourses \u00e9tudiantes pour la mobilisation des connaissances en sant\u00e9 num\u00e9rique 2025.<\/p>\n<p><span style=\"font-size: inherit;\">Dix \u00e9tudiantes et \u00e9tudiants se distinguent par la qualit\u00e9 de leurs travaux et de leurs pr\u00e9sentations lors de congr\u00e8s au Qu\u00e9bec et \u00e0 l\u2019international : <\/span><\/p>\n<ul>\n<li><span style=\"font-size: inherit;\">Matthew Danyluik<\/span><\/li>\n<li><span style=\"font-size: inherit;\">Isabel Sarzo Wabi<\/span><\/li>\n<li><span style=\"font-size: inherit;\">Marie-Pier Jolicoeur<\/span><\/li>\n<li><span style=\"font-size: inherit;\">Miriam Schirru<\/span><\/li>\n<li><span style=\"font-size: inherit;\">Priscille Pana<\/span><\/li>\n<li><span style=\"font-size: inherit;\">Daniel Alejandro Galindo Lazo<\/span><\/li>\n<li><span style=\"font-size: inherit;\">Arsene Brice Zotsa Ngoufack<\/span><\/li>\n<li><span style=\"font-size: inherit;\"> Quinta Seon<\/span><\/li>\n<li><span style=\"font-size: inherit;\">Yan Bertrand<\/span><\/li>\n<li><span style=\"font-size: inherit;\"> Olivier Parent<\/span><\/li>\n<\/ul>\n<p><span style=\"font-size: inherit;\">Restez \u00e0 l\u2019aff\u00fbt de nos prochains programmes de financement.<\/span><\/p>\n<p><\/p>\n<p><\/p>\n<p><\/p>\t\t\t\t\t\t\t\t<\/div>\n\t\t\t\t\t<\/div>\n\t\t<\/div>\n\t\t\t\t\t<\/div>\n\t\t<\/section>\n\t\t\t\t<section class=\"elementor-section elementor-top-section elementor-element elementor-element-11fd883 elementor-section-boxed elementor-section-height-default elementor-section-height-default\" data-id=\"11fd883\" data-element_type=\"section\" data-e-type=\"section\" data-settings=\"{&quot;background_background&quot;:&quot;classic&quot;}\">\n\t\t\t\t\t\t<div class=\"elementor-container elementor-column-gap-default\">\n\t\t\t\t\t<div class=\"elementor-column elementor-col-100 elementor-top-column elementor-element elementor-element-69b44bf\" data-id=\"69b44bf\" data-element_type=\"column\" data-e-type=\"column\">\n\t\t\t<div class=\"elementor-widget-wrap elementor-element-populated\">\n\t\t\t\t\t\t<div class=\"elementor-element elementor-element-3323c86 elementor-widget elementor-widget-bdt-advanced-image-gallery\" data-id=\"3323c86\" data-element_type=\"widget\" data-e-type=\"widget\" data-widget_type=\"bdt-advanced-image-gallery.default\">\n\t\t\t\t\t\t\t<div id=\"bdt-avdg-3323c86\" class=\"bdt-ep-advanced-image-gallery bdt-ep-advanced-image-gallery-skin-default bdt-spotlite-mode bdt-grid bdt-grid-small bdt-child-width-1-1 bdt-child-width-1-3@s bdt-child-width-1-4@m bdt-caption-all-time-yes\" data-bdt-grid=\"\" data-settings=\"{&quot;id&quot;:&quot;#bdt-avdg-3323c86&quot;,&quot;tiltShow&quot;:false}\">\n\t\t\t\n\t\t\t\t<div class=\"bdt-ep-advanced-image-gallery-item bdt-transition-toggle\">\n\t\t\t\t\t<div class=\"bdt-ep-advanced-image-gallery-inner bdt-image-mask\">\n\t\t\t\t\t\t<div class=\"bdt-ep-advanced-image-gallery-thumbnail bdt-transition-toggle\"><img decoding=\"async\" width=\"150\" height=\"150\" src=\"https:\/\/rsn.quebec\/wp-content\/uploads\/2026\/03\/bourses-etudiantes-2025_rsn-arsene-brice-150x150.jpg\" class=\"jgalleryImage\" alt=\"Arsene Brice Zotsa Ngoufack\" srcset=\"https:\/\/rsn.quebec\/wp-content\/uploads\/2026\/03\/bourses-etudiantes-2025_rsn-arsene-brice-150x150.jpg 150w, https:\/\/rsn.quebec\/wp-content\/uploads\/2026\/03\/bourses-etudiantes-2025_rsn-arsene-brice-400x400.jpg 400w\" sizes=\"(max-width: 150px) 100vw, 150px\" \/><\/div>\t\t\t\t\t<\/div>\n\t\t\t\t\t\t\t\t\t\t\t\t\t\t\t\t<div>\n\t\t\t\t<div class=\"bdt-ep-advanced-image-gallery-item-caption bdt-display-inline-block bdt-caption-position-default\">\n\t\t\t\t\tArsene Brice Zotsa Ngoufack\t\t\t\t<\/div>\n\t\t\t<\/div>\n\t\t\t\t\t\t\t\t\t\t\t<\/div>\n\n\t\t\t\n\t\t\t\t<div class=\"bdt-ep-advanced-image-gallery-item bdt-transition-toggle\">\n\t\t\t\t\t<div class=\"bdt-ep-advanced-image-gallery-inner bdt-image-mask\">\n\t\t\t\t\t\t<div class=\"bdt-ep-advanced-image-gallery-thumbnail bdt-transition-toggle\"><img decoding=\"async\" width=\"150\" height=\"150\" src=\"https:\/\/rsn.quebec\/wp-content\/uploads\/2026\/03\/bourses-etudiantes-2025_rsn-daniel-galindo-150x150.jpg\" class=\"jgalleryImage\" alt=\"Daniel Galindo\" srcset=\"https:\/\/rsn.quebec\/wp-content\/uploads\/2026\/03\/bourses-etudiantes-2025_rsn-daniel-galindo-150x150.jpg 150w, https:\/\/rsn.quebec\/wp-content\/uploads\/2026\/03\/bourses-etudiantes-2025_rsn-daniel-galindo-300x300.jpg 300w, https:\/\/rsn.quebec\/wp-content\/uploads\/2026\/03\/bourses-etudiantes-2025_rsn-daniel-galindo-768x767.jpg 768w, https:\/\/rsn.quebec\/wp-content\/uploads\/2026\/03\/bourses-etudiantes-2025_rsn-daniel-galindo-650x650.jpg 650w, https:\/\/rsn.quebec\/wp-content\/uploads\/2026\/03\/bourses-etudiantes-2025_rsn-daniel-galindo-400x400.jpg 400w, https:\/\/rsn.quebec\/wp-content\/uploads\/2026\/03\/bourses-etudiantes-2025_rsn-daniel-galindo.jpg 820w\" sizes=\"(max-width: 150px) 100vw, 150px\" \/><\/div>\t\t\t\t\t<\/div>\n\t\t\t\t\t\t\t\t\t\t\t\t\t\t\t\t<div>\n\t\t\t\t<div class=\"bdt-ep-advanced-image-gallery-item-caption bdt-display-inline-block bdt-caption-position-default\">\n\t\t\t\t\tDaniel Galindo\t\t\t\t<\/div>\n\t\t\t<\/div>\n\t\t\t\t\t\t\t\t\t\t\t<\/div>\n\n\t\t\t\n\t\t\t\t<div class=\"bdt-ep-advanced-image-gallery-item bdt-transition-toggle\">\n\t\t\t\t\t<div class=\"bdt-ep-advanced-image-gallery-inner bdt-image-mask\">\n\t\t\t\t\t\t<div class=\"bdt-ep-advanced-image-gallery-thumbnail bdt-transition-toggle\"><img decoding=\"async\" width=\"150\" height=\"150\" src=\"https:\/\/rsn.quebec\/wp-content\/uploads\/2026\/03\/bourses-etudiantes-2025_rsn-marie-pierre-jolicoeur-150x150.jpg\" class=\"jgalleryImage\" alt=\"Marie-Pierre Jolicoeur\" srcset=\"https:\/\/rsn.quebec\/wp-content\/uploads\/2026\/03\/bourses-etudiantes-2025_rsn-marie-pierre-jolicoeur-150x150.jpg 150w, https:\/\/rsn.quebec\/wp-content\/uploads\/2026\/03\/bourses-etudiantes-2025_rsn-marie-pierre-jolicoeur-400x400.jpg 400w\" sizes=\"(max-width: 150px) 100vw, 150px\" \/><\/div>\t\t\t\t\t<\/div>\n\t\t\t\t\t\t\t\t\t\t\t\t\t\t\t\t<div>\n\t\t\t\t<div class=\"bdt-ep-advanced-image-gallery-item-caption bdt-display-inline-block bdt-caption-position-default\">\n\t\t\t\t\tMarie-Pierre Jolicoeur\t\t\t\t<\/div>\n\t\t\t<\/div>\n\t\t\t\t\t\t\t\t\t\t\t<\/div>\n\n\t\t\t\n\t\t\t\t<div class=\"bdt-ep-advanced-image-gallery-item bdt-transition-toggle\">\n\t\t\t\t\t<div class=\"bdt-ep-advanced-image-gallery-inner bdt-image-mask\">\n\t\t\t\t\t\t<div class=\"bdt-ep-advanced-image-gallery-thumbnail bdt-transition-toggle\"><img loading=\"lazy\" decoding=\"async\" width=\"150\" height=\"150\" src=\"https:\/\/rsn.quebec\/wp-content\/uploads\/2026\/03\/bourses-etudiantes-2025_rsn-matthew-danyluik-150x150.jpg\" class=\"jgalleryImage\" alt=\"Matthew Danyluik\" srcset=\"https:\/\/rsn.quebec\/wp-content\/uploads\/2026\/03\/bourses-etudiantes-2025_rsn-matthew-danyluik-150x150.jpg 150w, https:\/\/rsn.quebec\/wp-content\/uploads\/2026\/03\/bourses-etudiantes-2025_rsn-matthew-danyluik-400x400.jpg 400w\" sizes=\"(max-width: 150px) 100vw, 150px\" \/><\/div>\t\t\t\t\t<\/div>\n\t\t\t\t\t\t\t\t\t\t\t\t\t\t\t\t<div>\n\t\t\t\t<div class=\"bdt-ep-advanced-image-gallery-item-caption bdt-display-inline-block bdt-caption-position-default\">\n\t\t\t\t\tMatthew Danyluik\t\t\t\t<\/div>\n\t\t\t<\/div>\n\t\t\t\t\t\t\t\t\t\t\t<\/div>\n\n\t\t\t\n\t\t\t\t<div class=\"bdt-ep-advanced-image-gallery-item bdt-transition-toggle\">\n\t\t\t\t\t<div class=\"bdt-ep-advanced-image-gallery-inner bdt-image-mask\">\n\t\t\t\t\t\t<div class=\"bdt-ep-advanced-image-gallery-thumbnail bdt-transition-toggle\"><img loading=\"lazy\" decoding=\"async\" width=\"150\" height=\"150\" src=\"https:\/\/rsn.quebec\/wp-content\/uploads\/2026\/03\/bourses-etudiantes-2025_rsn-miriam_schirru-150x150.jpeg\" class=\"jgalleryImage\" alt=\"Miriam Schirru\" srcset=\"https:\/\/rsn.quebec\/wp-content\/uploads\/2026\/03\/bourses-etudiantes-2025_rsn-miriam_schirru-150x150.jpeg 150w, https:\/\/rsn.quebec\/wp-content\/uploads\/2026\/03\/bourses-etudiantes-2025_rsn-miriam_schirru-400x400.jpeg 400w\" sizes=\"(max-width: 150px) 100vw, 150px\" \/><\/div>\t\t\t\t\t<\/div>\n\t\t\t\t\t\t\t\t\t\t\t\t\t\t\t\t<div>\n\t\t\t\t<div class=\"bdt-ep-advanced-image-gallery-item-caption bdt-display-inline-block bdt-caption-position-default\">\n\t\t\t\t\tMiriam Schirru\t\t\t\t<\/div>\n\t\t\t<\/div>\n\t\t\t\t\t\t\t\t\t\t\t<\/div>\n\n\t\t\t\n\t\t\t\t<div class=\"bdt-ep-advanced-image-gallery-item bdt-transition-toggle\">\n\t\t\t\t\t<div class=\"bdt-ep-advanced-image-gallery-inner bdt-image-mask\">\n\t\t\t\t\t\t<div class=\"bdt-ep-advanced-image-gallery-thumbnail bdt-transition-toggle\"><img loading=\"lazy\" decoding=\"async\" width=\"150\" height=\"150\" src=\"https:\/\/rsn.quebec\/wp-content\/uploads\/2026\/03\/bourses-etudiantes-2025_rsn-olivier-parent-150x150.png\" class=\"jgalleryImage\" alt=\"Olivier Parent\" srcset=\"https:\/\/rsn.quebec\/wp-content\/uploads\/2026\/03\/bourses-etudiantes-2025_rsn-olivier-parent-150x150.png 150w, https:\/\/rsn.quebec\/wp-content\/uploads\/2026\/03\/bourses-etudiantes-2025_rsn-olivier-parent-400x400.png 400w\" sizes=\"(max-width: 150px) 100vw, 150px\" \/><\/div>\t\t\t\t\t<\/div>\n\t\t\t\t\t\t\t\t\t\t\t\t\t\t\t\t<div>\n\t\t\t\t<div class=\"bdt-ep-advanced-image-gallery-item-caption bdt-display-inline-block bdt-caption-position-default\">\n\t\t\t\t\tOlivier Parent\t\t\t\t<\/div>\n\t\t\t<\/div>\n\t\t\t\t\t\t\t\t\t\t\t<\/div>\n\n\t\t\t\n\t\t\t\t<div class=\"bdt-ep-advanced-image-gallery-item bdt-transition-toggle\">\n\t\t\t\t\t<div class=\"bdt-ep-advanced-image-gallery-inner bdt-image-mask\">\n\t\t\t\t\t\t<div class=\"bdt-ep-advanced-image-gallery-thumbnail bdt-transition-toggle\"><img loading=\"lazy\" decoding=\"async\" width=\"150\" height=\"150\" src=\"https:\/\/rsn.quebec\/wp-content\/uploads\/2026\/03\/bourses-etudiantes-2025_rsn-isabel-sarzo-wabi-150x150.jpg\" class=\"jgalleryImage\" alt=\"Isabel Sarzo Wabi\" srcset=\"https:\/\/rsn.quebec\/wp-content\/uploads\/2026\/03\/bourses-etudiantes-2025_rsn-isabel-sarzo-wabi-150x150.jpg 150w, https:\/\/rsn.quebec\/wp-content\/uploads\/2026\/03\/bourses-etudiantes-2025_rsn-isabel-sarzo-wabi-400x400.jpg 400w\" sizes=\"(max-width: 150px) 100vw, 150px\" \/><\/div>\t\t\t\t\t<\/div>\n\t\t\t\t\t\t\t\t\t\t\t\t\t\t\t\t<div>\n\t\t\t\t<div class=\"bdt-ep-advanced-image-gallery-item-caption bdt-display-inline-block bdt-caption-position-default\">\n\t\t\t\t\tIsabel Sarzo Wabi\t\t\t\t<\/div>\n\t\t\t<\/div>\n\t\t\t\t\t\t\t\t\t\t\t<\/div>\n\n\t\t\t\n\t\t\t\t<div class=\"bdt-ep-advanced-image-gallery-item bdt-transition-toggle\">\n\t\t\t\t\t<div class=\"bdt-ep-advanced-image-gallery-inner bdt-image-mask\">\n\t\t\t\t\t\t<div class=\"bdt-ep-advanced-image-gallery-thumbnail bdt-transition-toggle\"><img loading=\"lazy\" decoding=\"async\" width=\"150\" height=\"150\" src=\"https:\/\/rsn.quebec\/wp-content\/uploads\/2026\/03\/bourses-etudiantes-2025_rsn-priscille-pana-150x150.jpg\" class=\"jgalleryImage\" alt=\"Priscille Pana\" srcset=\"https:\/\/rsn.quebec\/wp-content\/uploads\/2026\/03\/bourses-etudiantes-2025_rsn-priscille-pana-150x150.jpg 150w, https:\/\/rsn.quebec\/wp-content\/uploads\/2026\/03\/bourses-etudiantes-2025_rsn-priscille-pana-400x400.jpg 400w\" sizes=\"(max-width: 150px) 100vw, 150px\" \/><\/div>\t\t\t\t\t<\/div>\n\t\t\t\t\t\t\t\t\t\t\t\t\t\t\t\t<div>\n\t\t\t\t<div class=\"bdt-ep-advanced-image-gallery-item-caption bdt-display-inline-block bdt-caption-position-default\">\n\t\t\t\t\tPriscille Pana\t\t\t\t<\/div>\n\t\t\t<\/div>\n\t\t\t\t\t\t\t\t\t\t\t<\/div>\n\n\t\t\t\n\t\t\t\t<div class=\"bdt-ep-advanced-image-gallery-item bdt-transition-toggle\">\n\t\t\t\t\t<div class=\"bdt-ep-advanced-image-gallery-inner bdt-image-mask\">\n\t\t\t\t\t\t<div class=\"bdt-ep-advanced-image-gallery-thumbnail bdt-transition-toggle\"><img loading=\"lazy\" decoding=\"async\" width=\"150\" height=\"150\" src=\"https:\/\/rsn.quebec\/wp-content\/uploads\/2026\/03\/bourses-etudiantes-2025_rsn-quinta-seon-150x150.png\" class=\"jgalleryImage\" alt=\"Quinta Seon\" srcset=\"https:\/\/rsn.quebec\/wp-content\/uploads\/2026\/03\/bourses-etudiantes-2025_rsn-quinta-seon-150x150.png 150w, https:\/\/rsn.quebec\/wp-content\/uploads\/2026\/03\/bourses-etudiantes-2025_rsn-quinta-seon-400x400.png 400w\" sizes=\"(max-width: 150px) 100vw, 150px\" \/><\/div>\t\t\t\t\t<\/div>\n\t\t\t\t\t\t\t\t\t\t\t\t\t\t\t\t<div>\n\t\t\t\t<div class=\"bdt-ep-advanced-image-gallery-item-caption bdt-display-inline-block bdt-caption-position-default\">\n\t\t\t\t\tQuinta Seon\t\t\t\t<\/div>\n\t\t\t<\/div>\n\t\t\t\t\t\t\t\t\t\t\t<\/div>\n\n\t\t\t\n\t\t\t\t<div class=\"bdt-ep-advanced-image-gallery-item bdt-transition-toggle\">\n\t\t\t\t\t<div class=\"bdt-ep-advanced-image-gallery-inner bdt-image-mask\">\n\t\t\t\t\t\t<div class=\"bdt-ep-advanced-image-gallery-thumbnail bdt-transition-toggle\"><img loading=\"lazy\" decoding=\"async\" width=\"150\" height=\"150\" src=\"https:\/\/rsn.quebec\/wp-content\/uploads\/2026\/03\/bourses-etudiantes-2025_rsn-yan-bertrand-150x150.jpg\" class=\"jgalleryImage\" alt=\"Yan Bertrand\" srcset=\"https:\/\/rsn.quebec\/wp-content\/uploads\/2026\/03\/bourses-etudiantes-2025_rsn-yan-bertrand-150x150.jpg 150w, https:\/\/rsn.quebec\/wp-content\/uploads\/2026\/03\/bourses-etudiantes-2025_rsn-yan-bertrand-400x400.jpg 400w\" sizes=\"(max-width: 150px) 100vw, 150px\" \/><\/div>\t\t\t\t\t<\/div>\n\t\t\t\t\t\t\t\t\t\t\t\t\t\t\t\t<div>\n\t\t\t\t<div class=\"bdt-ep-advanced-image-gallery-item-caption bdt-display-inline-block bdt-caption-position-default\">\n\t\t\t\t\tYan Bertrand\t\t\t\t<\/div>\n\t\t\t<\/div>\n\t\t\t\t\t\t\t\t\t\t\t<\/div>\n\n\t\t\t\t\t<\/div>\n\t\t\t\t\t<\/div>\n\t\t\t\t\t<\/div>\n\t\t<\/div>\n\t\t\t\t\t<\/div>\n\t\t<\/section>\n\t\t\t\t<\/div>\n\t\t","protected":false},"excerpt":{"rendered":"<p>The Digital Health Network congratulates the recipients of the 2025 Student Scholarship Program for Knowledge Translation in Digital Health. Ten students have [&hellip;]<\/p>\n","protected":false},"author":2,"featured_media":1479,"comment_status":"closed","ping_status":"open","sticky":false,"template":"","format":"standard","meta":{"footnotes":""},"categories":[39],"tags":[],"class_list":["post-1634","post","type-post","status-publish","format-standard","has-post-thumbnail","hentry","category-uncategorized"],"_links":{"self":[{"href":"https:\/\/rsn.quebec\/en\/wp-json\/wp\/v2\/posts\/1634","targetHints":{"allow":["GET"]}}],"collection":[{"href":"https:\/\/rsn.quebec\/en\/wp-json\/wp\/v2\/posts"}],"about":[{"href":"https:\/\/rsn.quebec\/en\/wp-json\/wp\/v2\/types\/post"}],"author":[{"embeddable":true,"href":"https:\/\/rsn.quebec\/en\/wp-json\/wp\/v2\/users\/2"}],"replies":[{"embeddable":true,"href":"https:\/\/rsn.quebec\/en\/wp-json\/wp\/v2\/comments?post=1634"}],"version-history":[{"count":1,"href":"https:\/\/rsn.quebec\/en\/wp-json\/wp\/v2\/posts\/1634\/revisions"}],"predecessor-version":[{"id":1635,"href":"https:\/\/rsn.quebec\/en\/wp-json\/wp\/v2\/posts\/1634\/revisions\/1635"}],"wp:featuredmedia":[{"embeddable":true,"href":"https:\/\/rsn.quebec\/en\/wp-json\/wp\/v2\/media\/1479"}],"wp:attachment":[{"href":"https:\/\/rsn.quebec\/en\/wp-json\/wp\/v2\/media?parent=1634"}],"wp:term":[{"taxonomy":"category","embeddable":true,"href":"https:\/\/rsn.quebec\/en\/wp-json\/wp\/v2\/categories?post=1634"},{"taxonomy":"post_tag","embeddable":true,"href":"https:\/\/rsn.quebec\/en\/wp-json\/wp\/v2\/tags?post=1634"}],"curies":[{"name":"wp","href":"https:\/\/api.w.org\/{rel}","templated":true}]}}